{"id":103,"date":"2024-06-25T09:21:03","date_gmt":"2024-06-25T07:21:03","guid":{"rendered":"http:\/\/osz.oce.opolskie.pl\/?p=103"},"modified":"2025-03-11T13:46:10","modified_gmt":"2025-03-11T12:46:10","slug":"opis-projektu-pn-opolskie-szkolnictwo-zawodowe","status":"publish","type":"post","link":"https:\/\/osz.oce.opolskie.pl\/index.php\/2024\/06\/25\/opis-projektu-pn-opolskie-szkolnictwo-zawodowe\/","title":{"rendered":"Opis projektu pn.: \u201eOpolskie Szkolnictwo Zawodowe\u201d"},"content":{"rendered":"\n<p>Opolskie Centrum Edukacji realizuje projekt dofinansowany ze \u015brodk\u00f3w <strong><em>Europejskiego Funduszu Spo\u0142ecznego Plus <\/em><\/strong>w ramach programu regionalnego <strong>Fundusze Europejskie dla Opolskiego 2021-2027<\/strong><br><strong>nab\u00f3r nr: FEOP.05.09-IP.02-001\/23 dla Dzia\u0142ania 5.9 Kszta\u0142cenie zawodowe Priorytetu 5 Fundusze Europejskie wspieraj\u0105ce opolski rynek pracy i edukacj\u0119.<\/strong><\/p>\n\n\n\n<p>\u0141\u0105czny bud\u017cet projektu: <strong>28&nbsp;327&nbsp;483,04<\/strong> z\u0142<\/p>\n\n\n\n<p>Dofinansowanie projektu:<\/p>\n\n\n\n<p>\u2013 EFS+: <strong>24 078 360,58<\/strong> z\u0142<\/p>\n\n\n\n<p>\u2013 BP: <strong>1 416 374,15<\/strong> z\u0142<\/p>\n\n\n\n<p>Okres realizacji: <strong>01.09.2023 r. \u2013 31.08.2026 r.<\/strong><\/p>\n\n\n\n<p>Cel projektu:<\/p>\n\n\n\n<p><strong>Wsparcie uczni\u00f3w, kadry i szk\u00f3\u0142 z zespo\u0142\u00f3w szk\u00f3\u0142 kszta\u0142cenia zawodowego na rzecz dostosowania umiej\u0119tno\u015bci i kwalifikacji zawodowych do potrzeb rynku pracy poprzez wspieranie dost\u0119pu do dobrej jako\u015bci, w\u0142\u0105czaj\u0105cego kszta\u0142cenia zawodowego i szkolenia zawodowego, w tym dla os\u00f3b ze specjalnymi potrzebami.<\/strong><\/p>\n\n\n\n<p><strong>Dzia\u0142ania projektowe dla uczni\u00f3w<\/strong><\/p>\n\n\n\n<ul class=\"wp-block-list\">\n<li>doradztwo edukacyjno-zawodowe w Szkolnych Punktach Informacji i Kariery dla uczni\u00f3w, kt\u00f3rzy b\u0119d\u0105 realizowa\u0107 sta\u017ce uczniowskie,<\/li>\n\n\n\n<li>sta\u017ce uczniowskie w nowoczesnych firmach dla <strong>3.500<\/strong> uczni\u00f3w \u2013 stypendia sta\u017cowe, refundacje pracodawcom koszt\u00f3w realizacji sta\u017cowa uczniowskich,<\/li>\n\n\n\n<li>pozaszkolny formy kszta\u0142cenia zawodowego, w tym:\n<ul class=\"wp-block-list\">\n<li>specjalistyczne kursy zawodowe dla 312 uczni\u00f3w w porozumieniu i wed\u0142ug zapotrzebowania zg\u0142aszanego przez rynek pracy;<\/li>\n\n\n\n<li>zaj\u0119cia warsztatowe w Laboratorium Bran\u017cowym OCE oraz w laboratoriach szk\u00f3\u0142 wy\u017cszych,<\/li>\n\n\n\n<li>specjalistyczne zaj\u0119cia pozalekcyjne z rozwoju kompetencji kluczowych,<\/li>\n\n\n\n<li>obozy naukowe i naukowo-sportowe,<\/li>\n\n\n\n<li>wyjazdy studyjne na targi bran\u017cowe,<\/li>\n\n\n\n<li>wyjazdy studyjne do lokalnych pracodawc\u00f3w,<\/li>\n<\/ul>\n<\/li>\n\n\n\n<li>wsparcie rozwoju kompetencji z zakresu przedsi\u0119biorczo\u015bci, kreatywno\u015bci i zmys\u0142u inicjatywy<\/li>\n\n\n\n<li>Efekty i rezultaty projektu w dzia\u0142aniach dla uczni\u00f3w:<br>\u2022\u00a0\u00a0\u00a0\u00a0\u00a0\u00a0\u00a0\u00a0\u00a0\u00a0\u00a0\u00a0 liczba uczni\u00f3w, kt\u00f3rzy nab\u0119d\u0105 kwalifikacje\/kompetencje po opuszczeniu projektu \u2013 2 800 uczni\u00f3w<\/li>\n<\/ul>\n\n\n\n<p><strong>Dzia\u0142ania projektowe dla kadry zespo\u0142\u00f3w szk\u00f3\u0142 kszta\u0142cenia zawodowego:<\/strong><\/p>\n\n\n\n<ul class=\"wp-block-list\">\n<li>doskonalenie zawodowe kadry szk\u00f3\u0142 kszta\u0142cenia zawodowego \u2013 refundacje dla 300 nauczycieli studi\u00f3w podyplomowych\/kurs\u00f3w podnosz\u0105cych kwalifikacje\/kompetencje kadry zespo\u0142\u00f3w szk\u00f3\u0142 kszta\u0142cenia zawodowego,<\/li>\n\n\n\n<li>sta\u017ce zawodowe (szkolenia bran\u017cowe) dla 100 nauczycieli zawodu;<\/li>\n\n\n\n<li>zaj\u0119cia warsztatowe w Laboratorium Bran\u017cowym OCE oraz w laboratoriach szk\u00f3\u0142 wy\u017cszych,<\/li>\n\n\n\n<li>konferencje i warsztaty dla kadry zespo\u0142\u00f3w szk\u00f3\u0142 kszta\u0142cenia zawodowego,<\/li>\n\n\n\n<li>wsparcie dzia\u0142alno\u015bci sieci funkcjonalnych \u2013 Klub Dyrektora Szko\u0142y Zawodowej, Wojew\u00f3dzka Sie\u0107 Nauczyciela Kszta\u0142cenia Zawodowego, Wojew\u00f3dzka Sie\u0107 Kierownika Praktycznej Nauki Zawodu.<\/li>\n\n\n\n<li>Efekty i rezultaty projektu w dzia\u0142aniach dla przedstawicieli kadr zespo\u0142\u00f3w szk\u00f3\u0142 kszta\u0142cenia zawodowego:<br>\u2022\u00a0\u00a0\u00a0\u00a0\u00a0\u00a0\u00a0\u00a0\u00a0\u00a0\u00a0\u00a0 liczba przedstawicieli kadr szk\u00f3\u0142 i plac\u00f3wek systemu o\u015bwiaty, kt\u00f3rzy nab\u0119d\u0105 kwalifikacje\/kompetencje po opuszczeniu projektu \u2013 400<\/li>\n<\/ul>\n\n\n\n<p><strong>Wsparcie zespo\u0142\u00f3w szk\u00f3\u0142 kszta\u0142cenia zawodowego:<\/strong><\/p>\n\n\n\n<ul class=\"wp-block-list\">\n<li>zakup pomocy dydaktycznych niezb\u0119dnych do realizacji specjalistycznych zaj\u0119\u0107 pozalekcyjnych<br>z zakresu rozwoju kompetencji z zakresu przedsi\u0119biorczo\u015bci, kreatywno\u015bci i zmys\u0142u inicjatywy.<\/li>\n<\/ul>\n\n\n\n<p><strong>Uczestnikami projektu s\u0105:<\/strong><\/p>\n\n\n\n<ul class=\"wp-block-list\">\n<li>uczniowie zespo\u0142\u00f3w szk\u00f3\u0142 kszta\u0142cenia zawodowego,<\/li>\n\n\n\n<li>kadra zespo\u0142\u00f3w szk\u00f3\u0142 kszta\u0142cenia zawodowego,<\/li>\n\n\n\n<li>zespo\u0142y szk\u00f3\u0142 kszta\u0142cenia zawodowego.<\/li>\n<\/ul>\n\n\n\n<p>Do projektu zaproszonych zosta\u0142o 54 zespo\u0142\u00f3w szk\u00f3\u0142 kszta\u0142cenia zawodowego<\/p>\n\n\n\n<p>#FunduszeUE<\/p>\n\n\n\n<p>#FunduszeEuropejskie<\/p>\n\n\n\n<p><\/p>\n","protected":false},"excerpt":{"rendered":"<p>Opolskie Centrum Edukacji realizuje projekt dofinansowany ze \u015brodk\u00f3w Europejskiego Funduszu Spo\u0142ecznego Plus w ramach programu regionalnego Fundusze Europejskie dla Opolskiego 2021-2027nab\u00f3r nr: FEOP.05.09-IP.02-001\/23 dla Dzia\u0142ania 5.9 Kszta\u0142cenie zawodowe Priorytetu 5 Fundusze Europejskie wspieraj\u0105ce opolski rynek pracy i edukacj\u0119. \u0141\u0105czny bud\u017cet projektu: 28&nbsp;327&nbsp;483,04 z\u0142 Dofinansowanie projektu: \u2013 EFS+: 24 078 360,58 z\u0142 \u2013 BP: 1 416 [&hellip;]<\/p>\n","protected":false},"author":1,"featured_media":0,"comment_status":"closed","ping_status":"open","sticky":false,"template":"","format":"standard","meta":{"footnotes":""},"categories":[6],"tags":[],"class_list":["post-103","post","type-post","status-publish","format-standard","hentry","category-aktualnosci"],"_links":{"self":[{"href":"https:\/\/osz.oce.opolskie.pl\/index.php\/wp-json\/wp\/v2\/posts\/103","targetHints":{"allow":["GET"]}}],"collection":[{"href":"https:\/\/osz.oce.opolskie.pl\/index.php\/wp-json\/wp\/v2\/posts"}],"about":[{"href":"https:\/\/osz.oce.opolskie.pl\/index.php\/wp-json\/wp\/v2\/types\/post"}],"author":[{"embeddable":true,"href":"https:\/\/osz.oce.opolskie.pl\/index.php\/wp-json\/wp\/v2\/users\/1"}],"replies":[{"embeddable":true,"href":"https:\/\/osz.oce.opolskie.pl\/index.php\/wp-json\/wp\/v2\/comments?post=103"}],"version-history":[{"count":4,"href":"https:\/\/osz.oce.opolskie.pl\/index.php\/wp-json\/wp\/v2\/posts\/103\/revisions"}],"predecessor-version":[{"id":147,"href":"https:\/\/osz.oce.opolskie.pl\/index.php\/wp-json\/wp\/v2\/posts\/103\/revisions\/147"}],"wp:attachment":[{"href":"https:\/\/osz.oce.opolskie.pl\/index.php\/wp-json\/wp\/v2\/media?parent=103"}],"wp:term":[{"taxonomy":"category","embeddable":true,"href":"https:\/\/osz.oce.opolskie.pl\/index.php\/wp-json\/wp\/v2\/categories?post=103"},{"taxonomy":"post_tag","embeddable":true,"href":"https:\/\/osz.oce.opolskie.pl\/index.php\/wp-json\/wp\/v2\/tags?post=103"}],"curies":[{"name":"wp","href":"https:\/\/api.w.org\/{rel}","templated":true}]}}